{"id":1509,"date":"2024-10-08T15:03:04","date_gmt":"2024-10-08T03:03:04","guid":{"rendered":"https:\/\/ambwellington.esteri.it\/?p=1509"},"modified":"2024-10-22T09:37:53","modified_gmt":"2024-10-21T21:37:53","slug":"settimana-della-lingua-italiana-nel-mondo-2024-litaliano-e-il-libro-il-mondo-fra-le-righe","status":"publish","type":"post","link":"https:\/\/ambwellington.esteri.it\/it\/news\/dall_ambasciata\/2024\/10\/settimana-della-lingua-italiana-nel-mondo-2024-litaliano-e-il-libro-il-mondo-fra-le-righe\/","title":{"rendered":"Settimana della Lingua Italiana nel Mondo 2024: \u201cL&#8217;Italiano e il Libro: il Mondo fra le Righe&#8221;"},"content":{"rendered":"<p><img loading=\"lazy\" decoding=\"async\" class=\"alignnone wp-image-1510 img-fluid\" src=\"https:\/\/ambwellington.esteri.it\/wp-content\/uploads\/2024\/10\/locandina-slim2024-300x169.jpg\" alt=\"\" width=\"850\" height=\"479\" srcset=\"https:\/\/ambwellington.esteri.it\/wp-content\/uploads\/2024\/10\/locandina-slim2024-300x169.jpg 300w, https:\/\/ambwellington.esteri.it\/wp-content\/uploads\/2024\/10\/locandina-slim2024-1024x576.jpg 1024w, https:\/\/ambwellington.esteri.it\/wp-content\/uploads\/2024\/10\/locandina-slim2024-768x432.jpg 768w, https:\/\/ambwellington.esteri.it\/wp-content\/uploads\/2024\/10\/locandina-slim2024.jpg 1920w\" sizes=\"auto, (max-width: 850px) 100vw, 850px\" \/><\/p>\n<p>&nbsp;<\/p>\n<p>La Settimana della Lingua Italiana nel Mondo (SLIM) rappresenta la pi\u00f9 importante rassegna globale dedicata alla nostra lingua e si svolge ogni anno grazie all\u2019organizzazione della rete diplomatico-consolare e degli Istituti Italiani di Cultura, in collaborazione con i principali partner locali per la promozione linguistica. Fin dalla sua istituzione nel 2001, l&#8217;evento si e\u2019 sempre svolto sotto l\u2019Alto Patronato della Presidenza della Repubblica.<\/p>\n<p>La XXIV edizione, che si terra\u2019 dal 14 al 20 ottobre 2024, avr\u00e0 come tema \u201cL\u2019italiano e il libro: il mondo fra le righe\u201d, con l\u2019obiettivo di esplorare il nesso tra lingua e letteratura nel mondo contemporaneo, valorizzando al contempo il ruolo del libro quale veicolo del patrimonio culturale, dei valori e dell\u2019identita\u2019italiana.<\/p>\n<p>La presentazione ufficiale della SLIM si terr\u00e0 il prossimo 8 ottobre alle ore 14.30 (ITA), presso la Sala delle Conferenze Internazionali del Ministero, con interventi del VPdC \/ On. Min. Tajani e di autorevoli esponenti del mondo diplomatico, culturale ed editoriale. Per seguire l\u2019evento in diretta da remoto: <a href=\"https:\/\/youtube.com\/live\/Ic66j0bjgGY?feature=share\">https:\/\/youtube.com\/live\/Ic66j0bjgGY?feature=share<\/a>.<\/p>\n<p>Il volume realizzato ad hoc dall\u2019Accademia della Crusca sul tema \u201cL\u2019italiano e il libro: il mondo fra le righe\u201d \u00e8 accessibile al seguente link in formato <a href=\"https:\/\/www.goware-apps.it\/free\/free_pub\/italiano_libri_crusca_2024\/italiano_libro_Crusca_2024.pdf\">PDF<\/a><\/p>\n<p>&nbsp;<\/p>\n<p style=\"text-align: center;\"><strong>Eventi in Nuova Zelanda:<\/strong><\/p>\n<p>&nbsp;<\/p>\n<p><strong><span style=\"text-decoration: underline;\">14 Ottobre, dalle 13.00 alle 15.00<\/span> <\/strong><\/p>\n<p><strong>Evento<\/strong>:\u00a0 \u201cCelebrate Italian Language Week!\u201d\u00a0 &#8211;\u00a0 un incontro aperto al pubblico per imparare ad ordinare correttamente un caff\u00e8 e scoprire come evitare i pi\u00f9 comuni errori quando si va al ristorante in Italia. Durante l&#8217;evento verr\u00e0 offerta della focaccia per assaporare il vero gusto italiano.<\/p>\n<p><strong>Organizzator<\/strong>i:\u00a0 <a href=\"https:\/\/www.circoloitaliano.org.nz\/\">Circolo Italiano Wellington<\/a> in collaborazione con Mediterranean Foods.<\/p>\n<p><strong>Luogo<\/strong>: Mediterranean Foods, 42 Constable Street, Newtown, Wellington<\/p>\n<p>&nbsp;<\/p>\n<p><span style=\"text-decoration: underline;\"><strong>18 Ottobre, 17.30<\/strong><\/span><\/p>\n<p><strong>Evento:<\/strong> \u201cUna Storia in Italia\u201d &#8211; Evento aperto al pubblico per presentare il libro realizzato dai partecipanti al Corso di Scrittura Creativa, organizzato dai docenti della Dante Alighieri Auckland. Durante l&#8217;incontro, verr\u00e0 illustrato il Progetto, offrendo ai presenti l&#8217;opportunit\u00e0 di esplorare i temi e le narrazioni sviluppate dagli studenti.<\/p>\n<p><strong>Organizzatori<\/strong>: <a href=\"https:\/\/www.dante.org.nz\/\">Societa\u2019 Dante Alighieri &#8211; Auckland<\/a><\/p>\n<p><strong>Luogo<\/strong>: Dante Alighieri, Freemans Bay Community Centre, 52 Hepburn Street, Freemans Bay, Auckland<\/p>\n<p>&nbsp;<\/p>\n<p><strong>\u00a0<\/strong><\/p>\n<p><strong>Evento<\/strong>: <strong>Podcast della serie \u201cI viandanti della cultura\u201d dedicato a Carlo Rovelli<\/strong><\/p>\n<p><strong>Organizzatore: <a href=\"https:\/\/ondazzurra.podbean.com\/\">Ondazzurra<\/a><\/strong><\/p>\n<p style=\"text-align: justify;\">Ondazzurra, l\u2019unico programma radiofonico in lingua italiana prodotto in Nuova Zelanda partecipa alla XXIV Settimana della Lingua Italiana nel Mondo (#slim2024) con un podcast dedicato a Carlo Rovelli, fisico teorico e saggista di fama internazionale, a cura di Federico Magrin, giornalista e filosofo, e Vincenzo Fano, professore di logica e filosofia della scienza all\u2019Universit\u00e0 di Urbino.<br \/>\nCarlo Rovelli \u00e8 un fisico teorico di fama internazionale, personalit\u00e0 di spicco nella fisica del terzo millennio, un pensatore controcorrente e autore di libri diventati best sellers internazionali, tra i quali ricordiamo <em>La realt\u00e0 non \u00e8 come ci appare<\/em>, Cortina Editore e <em>Sette brevi lezioni di fisica<\/em>, Adelphi. Libri che raccontano in maniera affascinante e divulgativa i risultati della ricerca sulla struttura elementare della realt\u00e0, del tempo e dello spazio. La riflessione scientifica~filosofica di Rovelli attraversa la meccanica quantistica per farsi diaristica e soggettiva.<\/p>\n<p>Potrete ascoltarlo al seguente link <a href=\"https:\/\/ondazzurra.podbean.com\/e\/322-i-viandanti-della-cultura-carlo-rovelli\/?fbclid=IwZXh0bgNhZW0CMTAAAR1VPIQT_oguK9gMe1ohNv_r8qvvi5bPMHBAI7NCoE5WlLekLJ2BeoUUvEk_aem_1aTc3mcc-zWcMfwtOdzcag\">https:\/\/ondazzurra.podbean.com\/&#8230;\/322-i-viandanti-della&#8230;\/<\/a> nonch\u00e9 sulle principali piattaforme: Spotify, Apple Podcast e Google Podcasts.<\/p>\n<p>&nbsp;<\/p>\n<p><strong>Evento<\/strong>: <strong>Podcast della serie \u201cI viandanti della cultura\u201d dedicato a Viola di Grado<br \/>\n<\/strong><\/p>\n<p><strong>Organizzatore: <a href=\"https:\/\/ondazzurra.podbean.com\/\">Ondazzurra<\/a><\/strong><\/p>\n<p>Ondazzura partecipa con un secondo episodio alla <em>Settimana della Lingua Italiana <\/em>sul tema del \u201clibro come veicolo culturale\u201d. In questo episodio ascoltiamo la conversazione tra Federico Magrin, giornalista, filosofo e curatore della serie, e Viola di Grado una delle autrici emergenti italiane pi\u00f9 entusiasmanti e acclamate dalla critica. Enfant prodige della narrativa, \u00e8 ora una delle autrici italiane pi\u00f9 tradotte al mondo.<\/p>\n<p>Viola Di Grado col suo primo romanzo <em>Settanta acrilico trenta lana<\/em>\u00a0 \u00e8 stata la pi\u00f9 giovane vincitrice del Premio Campiello Opera Prima e la pi\u00f9 giovane finalista del Premio Strega. Era il 2011 e aveva 23 anni. Oggi, la scrittrice, saggista e traduttrice siciliana vive a Londra. In questa conversazione, Federico e Viola discutono del limite che separa il memoir, l\u2019autobiografia, il racconto intimo e la scrittura diaristica dal romanzo. Un confine confuso, indistinto, contorto.<\/p>\n<p>Il suo ultimo libro pubblicato da La Nave di Teseo \u00e8 <em>Marabbecca<\/em>. La cui protagonista \u00e8 una donna, figlia, fidanzata e amante che crea buio dal buio \u2013 come la figura del folclore siciliano marabbecca. Federico e Viola esplorano la metafisica della tristezza che attraversa le opere della scrittrice italiana emigrata nel Regno Unito, discutendo di temi come la morte, l\u2019incrinarsi della figura materna classica e l\u2019autorialit\u00e0.<\/p>\n<p>Potrete ascoltarlo al seguente link <a href=\"https:\/\/ondazzurra.podbean.com\/e\/322-i-viandanti-della-cultura-carlo-rovelli\/?fbclid=IwZXh0bgNhZW0CMTAAAR1VPIQT_oguK9gMe1ohNv_r8qvvi5bPMHBAI7NCoE5WlLekLJ2BeoUUvEk_aem_1aTc3mcc-zWcMfwtOdzcag\">https:\/\/ondazzurra.podbean.com\/&#8230;\/322-i-viandanti-della&#8230;\/<\/a> nonch\u00e9 sulle principali piattaforme: Spotify, Apple Podcast e Google Podcasts.<\/p>\n<p>&nbsp;<\/p>\n","protected":false},"excerpt":{"rendered":"&nbsp; La Settimana della Lingua Italiana nel Mondo (SLIM) rappresenta la pi\u00f9 importante rassegna globale dedicata alla nostra lingua e si svolge ogni anno grazie all\u2019organizzazione della rete diplomatico-consolare e degli Istituti Italiani di Cultura, in collaborazione con i principali partner locali per la promozione linguistica. Fin dalla sua istituzione nel 2001, l&#8217;evento si e\u2019 [&hellip;]","protected":false},"author":5,"featured_media":0,"comment_status":"closed","ping_status":"closed","sticky":false,"template":"","format":"standard","meta":{"footnotes":""},"tags":[],"class_list":["post-1509","post","type-post","status-publish","format-standard","hentry"],"_links":{"self":[{"href":"https:\/\/ambwellington.esteri.it\/it\/wp-json\/wp\/v2\/posts\/1509","targetHints":{"allow":["GET"]}}],"collection":[{"href":"https:\/\/ambwellington.esteri.it\/it\/wp-json\/wp\/v2\/posts"}],"about":[{"href":"https:\/\/ambwellington.esteri.it\/it\/wp-json\/wp\/v2\/types\/post"}],"author":[{"embeddable":true,"href":"https:\/\/ambwellington.esteri.it\/it\/wp-json\/wp\/v2\/users\/5"}],"replies":[{"embeddable":true,"href":"https:\/\/ambwellington.esteri.it\/it\/wp-json\/wp\/v2\/comments?post=1509"}],"version-history":[{"count":4,"href":"https:\/\/ambwellington.esteri.it\/it\/wp-json\/wp\/v2\/posts\/1509\/revisions"}],"predecessor-version":[{"id":1538,"href":"https:\/\/ambwellington.esteri.it\/it\/wp-json\/wp\/v2\/posts\/1509\/revisions\/1538"}],"wp:attachment":[{"href":"https:\/\/ambwellington.esteri.it\/it\/wp-json\/wp\/v2\/media?parent=1509"}],"wp:term":[{"taxonomy":"post_tag","embeddable":true,"href":"https:\/\/ambwellington.esteri.it\/it\/wp-json\/wp\/v2\/tags?post=1509"}],"curies":[{"name":"wp","href":"https:\/\/api.w.org\/{rel}","templated":true}]}}